[{"@context":"https:\/\/schema.org\/","@type":"Article","@id":"https:\/\/www.2mark.sk\/zacnite-fasadou\/#Article","mainEntityOfPage":"https:\/\/www.2mark.sk\/zacnite-fasadou\/","headline":"Za\u010dnite fas\u00e1dou","name":"Za\u010dnite fas\u00e1dou","description":"Ke\u010f som rie\u0161il to, \u010di si budem dom stava\u0165, alebo si k\u00fapim nejak\u00fd star\u0161\u00ed, ktor\u00fd zrekon\u0161truujem,\u00a0 mal som v\u00a0tom podstate jasno. Chcel som sa pusti\u0165&hellip;","datePublished":"2019-09-20","dateModified":"2023-04-27","author":{"@type":"Person","@id":"https:\/\/www.2mark.sk\/author\/devene\/#Person","name":"devene","url":"https:\/\/www.2mark.sk\/author\/devene\/","identifier":1,"image":{"@type":"ImageObject","@id":"https:\/\/secure.gravatar.com\/avatar\/c3c8c755425dd2471c09c708679d7ce7419edeb32b4db4bfbe1377eb9462fa49?s=96&d=mm&r=g","url":"https:\/\/secure.gravatar.com\/avatar\/c3c8c755425dd2471c09c708679d7ce7419edeb32b4db4bfbe1377eb9462fa49?s=96&d=mm&r=g","height":96,"width":96}},"publisher":{"@type":"Organization","name":"2mark.sk","logo":{"@type":"ImageObject","@id":"\/logo.png","url":"\/logo.png","width":600,"height":60}},"image":{"@type":"ImageObject","@id":"https:\/\/www.2mark.sk\/wp-content\/uploads\/img_a306667_w16851_t1569162261.jpg","url":"https:\/\/www.2mark.sk\/wp-content\/uploads\/img_a306667_w16851_t1569162261.jpg","height":0,"width":0},"url":"https:\/\/www.2mark.sk\/zacnite-fasadou\/","about":["Byt a dom"],"wordCount":415,"articleBody":"Ke\u010f som rie\u0161il to, \u010di si budem dom stava\u0165, alebo si k\u00fapim nejak\u00fd star\u0161\u00ed, ktor\u00fd zrekon\u0161truujem,\u00a0 mal som v\u00a0tom podstate jasno. Chcel som sa pusti\u0165 sk\u00f4r do druhej mo\u017enosti. P\u00e1\u010dila sa mi t\u00e1 predstava, ako si na steny vyves\u00edm fotky \u201ePRED\u201c a \u201ePO\u201c. Viete, ako to mysl\u00edm. Svoj vysn\u00edvan\u00fd dom\u010dek som aj na\u0161iel, k\u00fapil ho a\u00a0ihne\u010f sa do neho aj pres\u0165ahoval. Ke\u010f\u017ee viem, ako to chod\u00ed, chcel by som v\u00e1m poradi\u0165 kde za\u010da\u0165, aby sa v\u00e1m b\u00fdvalo naozaj dobre, pohodlne a\u00a0aj pekne.\u00a0Kde za\u010da\u0165?Ke\u010f som sa do svojho nov\u00e9ho \u2013 star\u00e9ho domu nas\u0165ahoval ja, za\u010dal som stovkami drobnost\u00ed, ako je ma\u013eovanie, v\u00fdmena podl\u00e1h a okien, vyprat\u00e1vaniu povaly a\u00a0kupovaniu n\u00e1bytku. Viem, \u017ee nejde o\u00a0drobnosti. Mysl\u00edm to sk\u00f4r tak, \u017ee po troch rokoch, dom zvn\u00fatra vyzeral \u00fa\u017easne, no ke\u010f som sa tak na neho raz zad\u00edval spoza br\u00e1ny, pri\u0161li na m\u0148a mdloby. O\u0161arpan\u00e1 omietka, popraskan\u00e9 z\u00e1klady a\u00a0strecha? O\u00a0tej rad\u0161ej ani nebudem hovori\u0165. Dnes u\u017e teda viem, \u017ee treba za\u010d\u00edna\u0165 naozaj ve\u013ek\u00fdmi \u00fapravami, ako je oprava fas\u00e1dy \u010di v\u00fdmena strechy. Pre\u010do? Preto\u017ee na za\u010diatku budete ma\u0165 dostatok chuti, el\u00e1nu aj pe\u0148az\u00ed. Ke\u010f si zariadite v\u0161etko vo vn\u00fatri, fas\u00e1du domu prestanete rie\u0161i\u0165, preto\u017ee v\u00e1m nebude prek\u00e1\u017ea\u0165 pri k\u00fapan\u00ed ani pri pr\u00edprave ve\u010dere. Verte mi. Je to naozaj takto.\u00a0Pre\u010do venova\u0165 pozornos\u0165 estetike? Je mo\u017en\u00e9, \u017ee si hovor\u00edte, \u017ee vzh\u013ead v\u00e1\u0161ho domu v\u00e1s netr\u00e1pi. Nech si susedia hovoria \u010do chc\u00fa. Svoje okolie by ste v\u0161ak nemali skr\u00e1\u0161\u013eova\u0165 pre druh\u00fdch, ale hlavne pre seba. To, ako a\u00a0kde \u017eijeme, priamo ovplyv\u0148uje na\u0161e du\u0161evn\u00e9 rozpolo\u017eenie. To vypl\u00fdva z\u00a0ofici\u00e1lnych v\u00fdskumov, nie z\u00a0m\u00f4jho osobn\u00e9ho presved\u010denia. Viem o\u00a0tom svoje. Pri poh\u013eade na moju opadan\u00fa omietku, mi nie raz pri\u0161lo zle i\u00a0fyzicky. A\u017e minul\u00fd rok, to som v\u00a0dome b\u00fdval asi \u0161tyri roky, sa mi ju kone\u010dne podarilo da\u0165 dokopy. Pozornos\u0165 som venoval aj streche a\u00a0spom\u00ednan\u00fdm z\u00e1kladom. Teraz sa mi naozaj \u017eije o\u00a0\u010dosi lep\u0161ie a\u00a0pohodlnej\u0161ie. Aj ke\u010f svoju omietku nevid\u00edm neust\u00e1le.                                                                                                                                                                                                                                                                                                                                                                                        3.7\/5 - (3 votes)        "},{"@context":"https:\/\/schema.org\/","@type":"BreadcrumbList","itemListElement":[{"@type":"ListItem","position":1,"name":"Za\u010dnite fas\u00e1dou","item":"https:\/\/www.2mark.sk\/zacnite-fasadou\/#breadcrumbitem"}]}]